{"@context":"https:\/\/schema.org\/","@type":"CollectionPage","@id":"https:\/\/www.eksuh.cz\/spolecnosti\/#CollectionPage","headline":"Spole\u010dnosti Category","description":"","url":"https:\/\/www.eksuh.cz\/spolecnosti\/","hasPart":[{"@type":"Article","@id":"https:\/\/www.eksuh.cz\/cim-by-vas-mohl-potesit-svatebni-fotograf\/","headline":"\u010c\u00edm by v\u00e1s mohl pot\u011b\u0161it svatebn\u00ed fotograf","url":"https:\/\/www.eksuh.cz\/cim-by-vas-mohl-potesit-svatebni-fotograf\/","datePublished":"2023-07-20","dateModified":"2023-11-25","mainEntityOfPage":"https:\/\/www.eksuh.cz\/cim-by-vas-mohl-potesit-svatebni-fotograf\/","author":{"@type":"Person","@id":"https:\/\/www.eksuh.cz\/author\/#Person","name":"","url":"https:\/\/www.eksuh.cz\/author\/","identifier":1,"image":{"@type":"ImageObject","@id":"https:\/\/secure.gravatar.com\/avatar\/4006af731f458a56e90e1a4ecbb37f08f11b51b80cb9267b6a6e5547922ff49d?s=96&d=mm&r=g","url":"https:\/\/secure.gravatar.com\/avatar\/4006af731f458a56e90e1a4ecbb37f08f11b51b80cb9267b6a6e5547922ff49d?s=96&d=mm&r=g","height":96,"width":96}},"publisher":{"@type":"Organization","name":"eksuh.cz","logo":{"@type":"ImageObject","@id":"\/logo.png","url":"\/logo.png","width":600,"height":60}},"image":{"@type":"ImageObject","@id":"https:\/\/www.eksuh.cz\/wp-content\/uploads\/sunset-698501_640_1.jpg","url":"https:\/\/www.eksuh.cz\/wp-content\/uploads\/sunset-698501_640_1.jpg","height":0,"width":0},"keywords":null},{"@type":"Article","@id":"https:\/\/www.eksuh.cz\/zacne-svuj-zivot-v-klidu\/","headline":"Za\u010dn\u011b sv\u016fj \u017eivot v klidu.","url":"https:\/\/www.eksuh.cz\/zacne-svuj-zivot-v-klidu\/","datePublished":"2023-07-18","dateModified":"2023-12-13","mainEntityOfPage":"https:\/\/www.eksuh.cz\/zacne-svuj-zivot-v-klidu\/","author":{"@type":"Person","@id":"https:\/\/www.eksuh.cz\/author\/#Person","name":"","url":"https:\/\/www.eksuh.cz\/author\/","identifier":1,"image":{"@type":"ImageObject","@id":"https:\/\/secure.gravatar.com\/avatar\/4006af731f458a56e90e1a4ecbb37f08f11b51b80cb9267b6a6e5547922ff49d?s=96&d=mm&r=g","url":"https:\/\/secure.gravatar.com\/avatar\/4006af731f458a56e90e1a4ecbb37f08f11b51b80cb9267b6a6e5547922ff49d?s=96&d=mm&r=g","height":96,"width":96}},"publisher":{"@type":"Organization","name":"eksuh.cz","logo":{"@type":"ImageObject","@id":"\/logo.png","url":"\/logo.png","width":600,"height":60}},"image":{"@type":"ImageObject","@id":"https:\/\/www.eksuh.cz\/wp-content\/uploads\/real-estate-6688945_1280_2.jpg","url":"https:\/\/www.eksuh.cz\/wp-content\/uploads\/real-estate-6688945_1280_2.jpg","height":0,"width":0},"keywords":null},{"@type":"Article","@id":"https:\/\/www.eksuh.cz\/rekonstruovali-jste\/","headline":"Rekonstruovali jste?","url":"https:\/\/www.eksuh.cz\/rekonstruovali-jste\/","datePublished":"2023-07-15","dateModified":"2023-07-15","mainEntityOfPage":"https:\/\/www.eksuh.cz\/rekonstruovali-jste\/","author":{"@type":"Person","@id":"https:\/\/www.eksuh.cz\/author\/#Person","name":"","url":"https:\/\/www.eksuh.cz\/author\/","identifier":1,"image":{"@type":"ImageObject","@id":"https:\/\/secure.gravatar.com\/avatar\/4006af731f458a56e90e1a4ecbb37f08f11b51b80cb9267b6a6e5547922ff49d?s=96&d=mm&r=g","url":"https:\/\/secure.gravatar.com\/avatar\/4006af731f458a56e90e1a4ecbb37f08f11b51b80cb9267b6a6e5547922ff49d?s=96&d=mm&r=g","height":96,"width":96}},"publisher":{"@type":"Organization","name":"eksuh.cz","logo":{"@type":"ImageObject","@id":"\/logo.png","url":"\/logo.png","width":600,"height":60}},"image":{"@type":"ImageObject","@id":"https:\/\/www.eksuh.cz\/wp-content\/uploads\/demolition-g0dc35bfe4_640_2.jpg","url":"https:\/\/www.eksuh.cz\/wp-content\/uploads\/demolition-g0dc35bfe4_640_2.jpg","height":0,"width":0},"keywords":null},{"@type":"Article","@id":"https:\/\/www.eksuh.cz\/kdo-muze-provadet-opravy-bazenovych-cerpadel\/","headline":"Kdo m\u016f\u017ee prov\u00e1d\u011bt opravy baz\u00e9nov\u00fdch \u010derpadel","url":"https:\/\/www.eksuh.cz\/kdo-muze-provadet-opravy-bazenovych-cerpadel\/","datePublished":"2023-06-21","dateModified":"2023-06-21","mainEntityOfPage":"https:\/\/www.eksuh.cz\/kdo-muze-provadet-opravy-bazenovych-cerpadel\/","author":{"@type":"Person","@id":"https:\/\/www.eksuh.cz\/author\/#Person","name":"","url":"https:\/\/www.eksuh.cz\/author\/","identifier":1,"image":{"@type":"ImageObject","@id":"https:\/\/secure.gravatar.com\/avatar\/4006af731f458a56e90e1a4ecbb37f08f11b51b80cb9267b6a6e5547922ff49d?s=96&d=mm&r=g","url":"https:\/\/secure.gravatar.com\/avatar\/4006af731f458a56e90e1a4ecbb37f08f11b51b80cb9267b6a6e5547922ff49d?s=96&d=mm&r=g","height":96,"width":96}},"publisher":{"@type":"Organization","name":"eksuh.cz","logo":{"@type":"ImageObject","@id":"\/logo.png","url":"\/logo.png","width":600,"height":60}},"image":{"@type":"ImageObject","@id":"https:\/\/www.eksuh.cz\/wp-content\/uploads\/bazen3_10_8.jpg","url":"https:\/\/www.eksuh.cz\/wp-content\/uploads\/bazen3_10_8.jpg","height":0,"width":0},"keywords":null},{"@type":"Article","@id":"https:\/\/www.eksuh.cz\/jak-sehnat-levne-sidlo-firmy\/","headline":"Jak sehnat levn\u00e9 s\u00eddlo firmy","url":"https:\/\/www.eksuh.cz\/jak-sehnat-levne-sidlo-firmy\/","datePublished":"2022-10-25","dateModified":"2022-10-25","mainEntityOfPage":"https:\/\/www.eksuh.cz\/jak-sehnat-levne-sidlo-firmy\/","author":{"@type":"Person","@id":"https:\/\/www.eksuh.cz\/author\/#Person","name":"","url":"https:\/\/www.eksuh.cz\/author\/","identifier":1,"image":{"@type":"ImageObject","@id":"https:\/\/secure.gravatar.com\/avatar\/4006af731f458a56e90e1a4ecbb37f08f11b51b80cb9267b6a6e5547922ff49d?s=96&d=mm&r=g","url":"https:\/\/secure.gravatar.com\/avatar\/4006af731f458a56e90e1a4ecbb37f08f11b51b80cb9267b6a6e5547922ff49d?s=96&d=mm&r=g","height":96,"width":96}},"publisher":{"@type":"Organization","name":"eksuh.cz","logo":{"@type":"ImageObject","@id":"\/logo.png","url":"\/logo.png","width":600,"height":60}},"image":{"@type":"ImageObject","@id":"https:\/\/www.eksuh.cz\/wp-content\/uploads\/sidlofirmy4_5.jpg","url":"https:\/\/www.eksuh.cz\/wp-content\/uploads\/sidlofirmy4_5.jpg","height":0,"width":0},"keywords":null},{"@type":"Article","@id":"https:\/\/www.eksuh.cz\/ukrajinska-pycha-kyjev-mesto-mnoha-pamatek-a-kastanu\/","headline":"Ukrajinsk\u00e1 p\u00fdcha Kyjev &#8211; m\u011bsto mnoha pam\u00e1tek a ka\u0161tan\u016f","url":"https:\/\/www.eksuh.cz\/ukrajinska-pycha-kyjev-mesto-mnoha-pamatek-a-kastanu\/","datePublished":"2020-08-01","dateModified":"2023-11-15","mainEntityOfPage":"https:\/\/www.eksuh.cz\/ukrajinska-pycha-kyjev-mesto-mnoha-pamatek-a-kastanu\/","author":{"@type":"Person","@id":"https:\/\/www.eksuh.cz\/author\/#Person","name":"","url":"https:\/\/www.eksuh.cz\/author\/","identifier":1,"image":{"@type":"ImageObject","@id":"https:\/\/secure.gravatar.com\/avatar\/4006af731f458a56e90e1a4ecbb37f08f11b51b80cb9267b6a6e5547922ff49d?s=96&d=mm&r=g","url":"https:\/\/secure.gravatar.com\/avatar\/4006af731f458a56e90e1a4ecbb37f08f11b51b80cb9267b6a6e5547922ff49d?s=96&d=mm&r=g","height":96,"width":96}},"publisher":{"@type":"Organization","name":"eksuh.cz","logo":{"@type":"ImageObject","@id":"\/logo.png","url":"\/logo.png","width":600,"height":60}},"image":{"@type":"ImageObject","@id":"https:\/\/www.eksuh.cz\/wp-content\/uploads\/pexels-photo-4254994.jpeg","url":"https:\/\/www.eksuh.cz\/wp-content\/uploads\/pexels-photo-4254994.jpeg","height":0,"width":0},"keywords":null},{"@type":"Article","@id":"https:\/\/www.eksuh.cz\/vylet-do-zahranici\/","headline":"V\u00fdlet do zahrani\u010d\u00ed","url":"https:\/\/www.eksuh.cz\/vylet-do-zahranici\/","datePublished":"2020-04-11","dateModified":"2023-11-15","mainEntityOfPage":"https:\/\/www.eksuh.cz\/vylet-do-zahranici\/","author":{"@type":"Person","@id":"https:\/\/www.eksuh.cz\/author\/#Person","name":"","url":"https:\/\/www.eksuh.cz\/author\/","identifier":1,"image":{"@type":"ImageObject","@id":"https:\/\/secure.gravatar.com\/avatar\/4006af731f458a56e90e1a4ecbb37f08f11b51b80cb9267b6a6e5547922ff49d?s=96&d=mm&r=g","url":"https:\/\/secure.gravatar.com\/avatar\/4006af731f458a56e90e1a4ecbb37f08f11b51b80cb9267b6a6e5547922ff49d?s=96&d=mm&r=g","height":96,"width":96}},"publisher":{"@type":"Organization","name":"eksuh.cz","logo":{"@type":"ImageObject","@id":"\/logo.png","url":"\/logo.png","width":600,"height":60}},"image":{"@type":"ImageObject","@id":"https:\/\/www.eksuh.cz\/wp-content\/uploads\/letadlo%20na%20leti%C5%A1ti.jpeg","url":"https:\/\/www.eksuh.cz\/wp-content\/uploads\/letadlo%20na%20leti%C5%A1ti.jpeg","height":0,"width":0},"keywords":null},{"@type":"Article","@id":"https:\/\/www.eksuh.cz\/elektro-pomocnici-kteri-jsou-ve-vsech-smerech-dokonali\/","headline":"Elektro pomocn\u00edci, kte\u0159\u00ed jsou ve v\u0161ech sm\u011brech dokonal\u00ed","url":"https:\/\/www.eksuh.cz\/elektro-pomocnici-kteri-jsou-ve-vsech-smerech-dokonali\/","datePublished":"2019-12-19","dateModified":"2023-10-16","mainEntityOfPage":"https:\/\/www.eksuh.cz\/elektro-pomocnici-kteri-jsou-ve-vsech-smerech-dokonali\/","author":{"@type":"Person","@id":"https:\/\/www.eksuh.cz\/author\/#Person","name":"","url":"https:\/\/www.eksuh.cz\/author\/","identifier":1,"image":{"@type":"ImageObject","@id":"https:\/\/secure.gravatar.com\/avatar\/4006af731f458a56e90e1a4ecbb37f08f11b51b80cb9267b6a6e5547922ff49d?s=96&d=mm&r=g","url":"https:\/\/secure.gravatar.com\/avatar\/4006af731f458a56e90e1a4ecbb37f08f11b51b80cb9267b6a6e5547922ff49d?s=96&d=mm&r=g","height":96,"width":96}},"publisher":{"@type":"Organization","name":"eksuh.cz","logo":{"@type":"ImageObject","@id":"\/logo.png","url":"\/logo.png","width":600,"height":60}},"image":{"@type":"ImageObject","@id":"https:\/\/www.eksuh.cz\/wp-content\/uploads\/img_a377777_w4283_t1589270359.jpg","url":"https:\/\/www.eksuh.cz\/wp-content\/uploads\/img_a377777_w4283_t1589270359.jpg","height":0,"width":0},"keywords":null}]}