[{"@context":"https:\/\/schema.org\/","@type":"Article","@id":"https:\/\/www.eksuh.cz\/na-zamku-nebo-na-zelene-louce-hlavne-abyste-byli-v-zivote-stastni\/#Article","mainEntityOfPage":"https:\/\/www.eksuh.cz\/na-zamku-nebo-na-zelene-louce-hlavne-abyste-byli-v-zivote-stastni\/","headline":"Na z\u00e1mku nebo na zelen\u00e9 louce, hlavn\u011b abyste byli v \u017eivot\u011b \u0161\u0165astni","name":"Na z\u00e1mku nebo na zelen\u00e9 louce, hlavn\u011b abyste byli v \u017eivot\u011b \u0161\u0165astni","description":"A\u0165 u\u017e budete m\u00edt svatbu v kostele, na radnici nebo t\u0159eba na z\u00e1mku, v\u017edy se bude jednat o v\u00fdjime\u010dnou a nezapomenutelnou chv\u00edli, kter\u00e1 se vryje hluboko do pam\u011bti nejen v\u00e1m samotn\u00fdm, ale i va\u0161im rodi\u010d\u016fm a ve\u0161ker\u00fdm svateb\u010dan\u016fm. Jedn\u00edm z okam\u017eik\u016f, na kter\u00fd v\u0161ichni svateb\u010dan\u00e9 v\u017edy \u010dekaj\u00ed, je prvn\u00ed man\u017eelsk\u00fd polibek, kter\u00fd n\u00e1sleduje v\u017edy po [&hellip;]","datePublished":"2024-11-06","dateModified":"2024-11-06","author":{"@type":"Person","@id":"https:\/\/www.eksuh.cz\/author\/#Person","name":"","url":"https:\/\/www.eksuh.cz\/author\/","identifier":1,"image":{"@type":"ImageObject","@id":"https:\/\/secure.gravatar.com\/avatar\/4006af731f458a56e90e1a4ecbb37f08f11b51b80cb9267b6a6e5547922ff49d?s=96&d=mm&r=g","url":"https:\/\/secure.gravatar.com\/avatar\/4006af731f458a56e90e1a4ecbb37f08f11b51b80cb9267b6a6e5547922ff49d?s=96&d=mm&r=g","height":96,"width":96}},"publisher":{"@type":"Organization","name":"eksuh.cz","logo":{"@type":"ImageObject","@id":"\/logo.png","url":"\/logo.png","width":600,"height":60}},"url":"https:\/\/www.eksuh.cz\/na-zamku-nebo-na-zelene-louce-hlavne-abyste-byli-v-zivote-stastni\/","wordCount":179,"articleBody":"A\u0165 u\u017e budete m\u00edt svatbu v kostele, na radnici nebo t\u0159eba na z\u00e1mku, v\u017edy se bude jednat o v\u00fdjime\u010dnou a nezapomenutelnou chv\u00edli, kter\u00e1 se vryje hluboko do pam\u011bti nejen v\u00e1m samotn\u00fdm, ale i va\u0161im rodi\u010d\u016fm a ve\u0161ker\u00fdm svateb\u010dan\u016fm. Jedn\u00edm z okam\u017eik\u016f, na kter\u00fd v\u0161ichni svateb\u010dan\u00e9 v\u017edy \u010dekaj\u00ed, je prvn\u00ed man\u017eelsk\u00fd polibek, kter\u00fd n\u00e1sleduje v\u017edy po v\u00fdm\u011bn\u011b snubn\u00ed prsten\u016f.Jedna z nejslavnostn\u011bj\u0161\u00edch ud\u00e1lost\u00ed v \u017eivot\u011b ka\u017ed\u00e9ho \u010dlov\u011bkaNezapome\u0148te si vybrat takov\u00e9, kter\u00e9 se v\u00e1m budou l\u00edbit po zbytek va\u0161eho \u017eivota a kter\u00e9 budete cht\u00edt sund\u00e1vat pouze ve v\u00fdjime\u010dn\u00fdch okam\u017eic\u00edch, kdy nebude jin\u00e9ho zbyt\u00ed. V\u011b\u0159\u00edme, \u017ee va\u0161e svatba v\u010detn\u011b svatebn\u00edho vesel\u00ed a na\u0161ich snubn\u00edch prsten\u016f prob\u011bhne co nejl\u00e9pe a ponese se v naprosto v\u00fdjime\u010dn\u00e9 atmosf\u00e9\u0159e a v\u00fdjime\u010dn\u00e9m a slavnostn\u00edm duchu.                                                                                                                                                                                                                                                                                                                                                                                        5\/5 - (1 vote)        "},{"@context":"https:\/\/schema.org\/","@type":"BreadcrumbList","itemListElement":[{"@type":"ListItem","position":1,"name":"Na z\u00e1mku nebo na zelen\u00e9 louce, hlavn\u011b abyste byli v \u017eivot\u011b \u0161\u0165astni","item":"https:\/\/www.eksuh.cz\/na-zamku-nebo-na-zelene-louce-hlavne-abyste-byli-v-zivote-stastni\/#breadcrumbitem"}]}]